{"id":704,"date":"2022-04-07T10:39:08","date_gmt":"2022-04-07T08:39:08","guid":{"rendered":"https:\/\/amis-montesquiou.com\/?p=704"},"modified":"2022-05-10T13:04:52","modified_gmt":"2022-05-10T11:04:52","slug":"madeleine-lemaire","status":"publish","type":"post","link":"https:\/\/amis-montesquiou.com\/?p=704","title":{"rendered":"Madeleine Lemaire"},"content":{"rendered":"\t\t<div data-elementor-type=\"wp-post\" data-elementor-id=\"704\" class=\"elementor elementor-704\">\n\t\t\t\t\t\t<section class=\"elementor-section elementor-top-section elementor-element elementor-element-4c9f3df elementor-section-boxed elementor-section-height-default elementor-section-height-default\" data-id=\"4c9f3df\" data-element_type=\"section\">\n\t\t\t\t\t\t<div class=\"elementor-container elementor-column-gap-default\">\n\t\t\t\t\t<div class=\"elementor-column elementor-col-50 elementor-top-column elementor-element elementor-element-7f7bfa28\" data-id=\"7f7bfa28\" data-element_type=\"column\">\n\t\t\t<div class=\"elementor-widget-wrap elementor-element-populated\">\n\t\t\t\t\t\t<div class=\"elementor-element elementor-element-4de1d075 elementor-widget elementor-widget-text-editor\" data-id=\"4de1d075\" data-element_type=\"widget\" data-widget_type=\"text-editor.default\">\n\t\t\t\t<div class=\"elementor-widget-container\">\n\t\t\t\t\t\t\t\t\t<p><strong>Madeleine Lemaire<\/strong>, n\u00e9e <strong>Jeanne Magdelaine Colle<\/strong>, est une peintre, illustratrice et salonni\u00e8re, n\u00e9e le 24 mai 1845 aux Arcs et morte le 8 avril 1928 \u00e0 Paris. Elle fut l&#8217;un des mod\u00e8les qui inspira le personnage de Madame Verdurin dans \u00c0 la recherche du temps perdu de <strong>Marcel Proust<\/strong>. Elle \u00e9pouse <strong>Casimir Louis Philippe Lemaire<\/strong>, employ\u00e9 \u00e0 l\u2019h\u00f4tel de ville, le 10 mai 1865 dans le 8e arrondissement de Paris. Elle est l&#8217;\u00e9l\u00e8ve de Jeanne-Mathilde Herbelin (1820-1904) et de <strong>Charles Chaplin<\/strong> (1825-1891). Elle se sp\u00e9cialise dans les sc\u00e8nes de genre (parfois dans le go\u00fbt du XVIIIe si\u00e8cle) et mondaines, et surtout dans les natures mortes et les fleurs. Elle d\u00e9bute au Salon de 1864, o\u00f9 elle expose tout au long de sa vie, y recevant des prix en 1877 et en 1900. Elle expose \u00e9galement au Salon de la Soci\u00e9t\u00e9 d&#8217;aquarellistes fran\u00e7ais \u00e0 partir de 1879. Elle illustre aussi des livres, comme Les Plaisirs et les Jours de Marcel Proust, ou L&#8217;Abb\u00e9 Constantin de Ludovic Hal\u00e9vy, ou encore les po\u00e8mes de <strong>Robert de Montesquio<\/strong>u. Chaque mardi, d\u2019avril \u00e0 juin, elle re\u00e7oit le Tout-Paris dans son h\u00f4tel particulier parisien du 31, rue de Monceau, dans ce qu&#8217;Andr\u00e9 Germain appelle \u00ab de chaudes tueries \u00bb. Son jardin est plant\u00e9 de lilas. Elle re\u00e7oit aussi bien l\u2019aristocratie du Faubourg Saint-Germain (les <strong>La Rochefoucauld<\/strong>, <strong>Luynes<\/strong>, <strong>Uz\u00e8s<\/strong>, <strong>Haussonville<\/strong>, <strong>Chevign\u00e9<\/strong>, <strong>Greffulhe<\/strong>, la Comtesse de Pourtal\u00e8s, <strong>Boni de Castellane<\/strong>, la <strong>Marquise de Casa Fuerte<\/strong>, la <strong>Duchesse Grazioli<\/strong>, les <strong>Brissac<\/strong>, etc.) que de jeunes artistes et des c\u00e9l\u00e9brit\u00e9s de la sc\u00e8ne ou de la politique. Comme Mme Verdurin, dont elle est l&#8217;un des mod\u00e8les, elle a des arr\u00eats d\u00e9finitifs du genre : \u00ab Je ne veux pas de \u00e7a chez moi ! \u00bb (Ghislain de Diesbach).<\/p>\t\t\t\t\t\t\t\t<\/div>\n\t\t\t\t<\/div>\n\t\t\t\t\t<\/div>\n\t\t<\/div>\n\t\t\t\t<div class=\"elementor-column elementor-col-50 elementor-top-column elementor-element elementor-element-7661225a\" data-id=\"7661225a\" data-element_type=\"column\">\n\t\t\t<div class=\"elementor-widget-wrap elementor-element-populated\">\n\t\t\t\t\t\t<div class=\"elementor-element elementor-element-89bca3f elementor-widget elementor-widget-image\" data-id=\"89bca3f\" data-element_type=\"widget\" data-widget_type=\"image.default\">\n\t\t\t\t<div class=\"elementor-widget-container\">\n\t\t\t\t\t\t\t\t\t\t\t\t\t\t\t\t\t\t\t\t\t\t\t\t\t\t\t\t\t\t<\/div>\n\t\t\t\t<\/div>\n\t\t\t\t\t<\/div>\n\t\t<\/div>\n\t\t\t\t\t<\/div>\n\t\t<\/section>\n\t\t\t\t<\/div>\n\t\t","protected":false},"excerpt":{"rendered":"<p>Madeleine Lemaire, n\u00e9e Jeanne Magdelaine Colle, est une peintre, illustratrice et salonni\u00e8re, n\u00e9e le 24 mai 1845 aux Arcs et morte le 8 avril 1928 \u00e0 Paris. Elle fut l\\&#8217;un des mod\u00e8les qui inspira le personnage de Madame Verdurin dans \u00c0 la recherche du temps perdu de Marcel Proust. Elle \u00e9pouse Casimir Louis Philippe Lemaire, [&hellip;]<\/p>\n","protected":false},"author":1,"featured_media":741,"comment_status":"open","ping_status":"open","sticky":false,"template":"elementor_header_footer","format":"standard","meta":{"_eb_attr":"","footnotes":""},"categories":[1],"tags":[],"class_list":["post-704","post","type-post","status-publish","format-standard","has-post-thumbnail","hentry","category-non-classe"],"_links":{"self":[{"href":"https:\/\/amis-montesquiou.com\/index.php?rest_route=\/wp\/v2\/posts\/704","targetHints":{"allow":["GET"]}}],"collection":[{"href":"https:\/\/amis-montesquiou.com\/index.php?rest_route=\/wp\/v2\/posts"}],"about":[{"href":"https:\/\/amis-montesquiou.com\/index.php?rest_route=\/wp\/v2\/types\/post"}],"author":[{"embeddable":true,"href":"https:\/\/amis-montesquiou.com\/index.php?rest_route=\/wp\/v2\/users\/1"}],"replies":[{"embeddable":true,"href":"https:\/\/amis-montesquiou.com\/index.php?rest_route=%2Fwp%2Fv2%2Fcomments&post=704"}],"version-history":[{"count":0,"href":"https:\/\/amis-montesquiou.com\/index.php?rest_route=\/wp\/v2\/posts\/704\/revisions"}],"wp:featuredmedia":[{"embeddable":true,"href":"https:\/\/amis-montesquiou.com\/index.php?rest_route=\/wp\/v2\/posts\/741"}],"wp:attachment":[{"href":"https:\/\/amis-montesquiou.com\/index.php?rest_route=%2Fwp%2Fv2%2Fmedia&parent=704"}],"wp:term":[{"taxonomy":"category","embeddable":true,"href":"https:\/\/amis-montesquiou.com\/index.php?rest_route=%2Fwp%2Fv2%2Fcategories&post=704"},{"taxonomy":"post_tag","embeddable":true,"href":"https:\/\/amis-montesquiou.com\/index.php?rest_route=%2Fwp%2Fv2%2Ftags&post=704"}],"curies":[{"name":"wp","href":"https:\/\/api.w.org\/{rel}","templated":true}]}}