{"id":441,"date":"2022-03-27T15:08:00","date_gmt":"2022-03-27T13:08:00","guid":{"rendered":"https:\/\/amis-montesquiou.com\/?p=441"},"modified":"2022-05-10T13:24:06","modified_gmt":"2022-05-10T11:24:06","slug":"abbe-arthur-mugnier","status":"publish","type":"post","link":"https:\/\/amis-montesquiou.com\/?p=441","title":{"rendered":"L\\&#8217;Abb\u00e9 Arthur Mugnier"},"content":{"rendered":"\t\t<div data-elementor-type=\"wp-post\" data-elementor-id=\"441\" class=\"elementor elementor-441\">\n\t\t\t\t\t\t<section class=\"elementor-section elementor-top-section elementor-element elementor-element-4c9f3df elementor-section-boxed elementor-section-height-default elementor-section-height-default\" data-id=\"4c9f3df\" data-element_type=\"section\">\n\t\t\t\t\t\t<div class=\"elementor-container elementor-column-gap-default\">\n\t\t\t\t\t<div class=\"elementor-column elementor-col-50 elementor-top-column elementor-element elementor-element-7f7bfa28\" data-id=\"7f7bfa28\" data-element_type=\"column\">\n\t\t\t<div class=\"elementor-widget-wrap elementor-element-populated\">\n\t\t\t\t\t\t<div class=\"elementor-element elementor-element-4de1d075 elementor-widget elementor-widget-text-editor\" data-id=\"4de1d075\" data-element_type=\"widget\" data-widget_type=\"text-editor.default\">\n\t\t\t\t<div class=\"elementor-widget-container\">\n\t\t\t\t\t\t\t\t\t<p><strong>Arthur Mugnier<\/strong>, connu sous le nom d\u2019<strong>Abb\u00e9 Mugnier<\/strong>, n\u00e9 le\u00a027 novembre 1853\u00a0\u00e0\u00a0Lubersac\u00a0et mort le\u00a01<sup>er<\/sup>\u00a0mars 1944\u00a0\u00e0\u00a0<a href=\"https:\/\/fr.wikipedia.org\/wiki\/Paris\">Paris<\/a>, est un\u00a0pr\u00eatre\u00a0catholique,\u00a0<a href=\"https:\/\/fr.wikipedia.org\/wiki\/Vicaire\">vicaire<\/a>\u00a0dans diff\u00e9rentes paroisses de Paris puis\u00a0chanoine. Plus ou moins en disgr\u00e2ce au sein du clerg\u00e9 parisien, il est n\u00e9anmoins c\u00e9l\u00e8bre pour avoir particip\u00e9 \u00e0 la vie mondaine et litt\u00e9raire\u00a0parisienne. Il a laiss\u00e9 un journal, tenu de 1878 \u00e0 1939, o\u00f9 il \u00e9voque ses relations avec les \u00e9crivains, les artistes et les membres de la haute noblesse, du gotha de son temps et de la grande bourgeoisie.<\/p><p>Il fut notamment proche de\u00a0<strong>Huysmans<\/strong>, dont il relate la conversion, mais aussi de la\u00a0<strong>Comtesse Greffulhe<\/strong>, de la <strong>Princesse<\/strong><strong>\u00a0Marthe Bibesco<\/strong>, de la\u00a0<strong>Comtesse de Chevign\u00e9<\/strong><strong>\u00a0<\/strong>(il \u00e9tait le\u00a0<a href=\"https:\/\/fr.wikipedia.org\/wiki\/Confession\">confesseur<\/a>\u00a0de ces deux derni\u00e8res), de la <strong>Comtesse\u00a0Anna de Noailles<\/strong>\u00a0et de\u00a0<strong>Jean Cocteau<\/strong>. Toutes ses archives, qui comportent 1\u00a0032\u00a0pages de manuscrits, ont \u00e9t\u00e9 donn\u00e9es aux archives de France en 1964 par\u00a0<strong>M<sup>me<\/sup>\u00a0de Castries<\/strong> et\u00a0<strong>M<sup>me<\/sup>\u00a0de Yturbe<\/strong>. Son journal est ainsi conserv\u00e9 par les\u00a0Archives nationales\u00a0sous la cote 258AP. Le manuscrit de ce journal qu&#8217;il a tenu a tellement \u00e9t\u00e9 remani\u00e9 et r\u00e9duit qu&#8217;on peut se demander\u00a0\u00ab\u00a0<em>s&#8217;il peut \u00eatre encore tenu pour authentique<\/em> \u00bb.<\/p>\t\t\t\t\t\t\t\t<\/div>\n\t\t\t\t<\/div>\n\t\t\t\t\t<\/div>\n\t\t<\/div>\n\t\t\t\t<div class=\"elementor-column elementor-col-50 elementor-top-column elementor-element elementor-element-7661225a\" data-id=\"7661225a\" data-element_type=\"column\">\n\t\t\t<div class=\"elementor-widget-wrap elementor-element-populated\">\n\t\t\t\t\t\t<div class=\"elementor-element elementor-element-89bca3f elementor-widget elementor-widget-image\" data-id=\"89bca3f\" data-element_type=\"widget\" data-widget_type=\"image.default\">\n\t\t\t\t<div class=\"elementor-widget-container\">\n\t\t\t\t\t\t\t\t\t\t\t\t\t\t\t\t\t\t\t\t\t\t\t\t\t\t\t\t\t\t<\/div>\n\t\t\t\t<\/div>\n\t\t\t\t\t<\/div>\n\t\t<\/div>\n\t\t\t\t\t<\/div>\n\t\t<\/section>\n\t\t\t\t<\/div>\n\t\t","protected":false},"excerpt":{"rendered":"<p>Arthur Mugnier, connu sous le nom d\u2019Abb\u00e9 Mugnier, n\u00e9 le\u00a027 novembre 1853\u00a0\u00e0\u00a0Lubersac\u00a0et mort le\u00a01er\u00a0mars 1944\u00a0\u00e0\u00a0Paris, est un\u00a0pr\u00eatre\u00a0catholique,\u00a0vicaire\u00a0dans diff\u00e9rentes paroisses de Paris puis\u00a0chanoine. Plus ou moins en disgr\u00e2ce au sein du clerg\u00e9 parisien, il est n\u00e9anmoins c\u00e9l\u00e8bre pour avoir particip\u00e9 \u00e0 la vie mondaine et litt\u00e9raire\u00a0parisienne. Il a laiss\u00e9 un journal, tenu de 1878 \u00e0 1939, [&hellip;]<\/p>\n","protected":false},"author":1,"featured_media":443,"comment_status":"open","ping_status":"open","sticky":false,"template":"elementor_header_footer","format":"standard","meta":{"_eb_attr":"","footnotes":""},"categories":[1],"tags":[],"class_list":["post-441","post","type-post","status-publish","format-standard","has-post-thumbnail","hentry","category-non-classe"],"_links":{"self":[{"href":"https:\/\/amis-montesquiou.com\/index.php?rest_route=\/wp\/v2\/posts\/441","targetHints":{"allow":["GET"]}}],"collection":[{"href":"https:\/\/amis-montesquiou.com\/index.php?rest_route=\/wp\/v2\/posts"}],"about":[{"href":"https:\/\/amis-montesquiou.com\/index.php?rest_route=\/wp\/v2\/types\/post"}],"author":[{"embeddable":true,"href":"https:\/\/amis-montesquiou.com\/index.php?rest_route=\/wp\/v2\/users\/1"}],"replies":[{"embeddable":true,"href":"https:\/\/amis-montesquiou.com\/index.php?rest_route=%2Fwp%2Fv2%2Fcomments&post=441"}],"version-history":[{"count":0,"href":"https:\/\/amis-montesquiou.com\/index.php?rest_route=\/wp\/v2\/posts\/441\/revisions"}],"wp:featuredmedia":[{"embeddable":true,"href":"https:\/\/amis-montesquiou.com\/index.php?rest_route=\/wp\/v2\/posts\/443"}],"wp:attachment":[{"href":"https:\/\/amis-montesquiou.com\/index.php?rest_route=%2Fwp%2Fv2%2Fmedia&parent=441"}],"wp:term":[{"taxonomy":"category","embeddable":true,"href":"https:\/\/amis-montesquiou.com\/index.php?rest_route=%2Fwp%2Fv2%2Fcategories&post=441"},{"taxonomy":"post_tag","embeddable":true,"href":"https:\/\/amis-montesquiou.com\/index.php?rest_route=%2Fwp%2Fv2%2Ftags&post=441"}],"curies":[{"name":"wp","href":"https:\/\/api.w.org\/{rel}","templated":true}]}}